{"id":662,"date":"2024-03-18T12:15:28","date_gmt":"2024-03-18T11:15:28","guid":{"rendered":"https:\/\/theatrecaritas.be\/?p=662"},"modified":"2024-09-14T14:18:45","modified_gmt":"2024-09-14T13:18:45","slug":"reveillon-au-poste-de-jean-pierre-martinez","status":"publish","type":"post","link":"https:\/\/theatrecaritas.be\/?p=662","title":{"rendered":"\u00ab\u00a0R\u00e9veillon au poste\u00a0\u00bb de Jean-Pierre Martinez"},"content":{"rendered":"<p>Le spectacle est mis en sc\u00e8ne par V\u00e9ronique Botty et r\u00e9unit sur sc\u00e8ne, par ordre d&rsquo;apparition:<\/p>\n<table style=\"padding: 10px; height: 134px;\" width=\"685\">\n<tbody>\n<tr>\n<td>Fabrice Zamolo<\/td>\n<td>&nbsp;<\/td>\n<\/tr>\n<tr>\n<td>Maxime Vandenbergh<\/td>\n<td>&nbsp;<\/td>\n<\/tr>\n<tr>\n<td>Fabien Pirlotte<\/td>\n<td>&nbsp;<\/td>\n<\/tr>\n<tr>\n<td>Jean Vozza<\/td>\n<td>&nbsp;<\/td>\n<\/tr>\n<tr>\n<td>Alice Benetti<\/td>\n<td>&nbsp;<\/td>\n<\/tr>\n<tr>\n<td>Christian Thunissen<\/td>\n<td>&nbsp;<\/td>\n<\/tr>\n<tr>\n<td>Dimitri Deflandre<\/td>\n<td>&nbsp;<\/td>\n<\/tr>\n<tr>\n<td>Catherine Demain<\/td>\n<td>&nbsp;<\/td>\n<\/tr>\n<tr>\n<td>&#8230; et avec la participation de Simon Vandenbergh<\/td>\n<td>&nbsp;<\/td>\n<\/tr>\n<\/tbody>\n<\/table>\n<p>C&rsquo;est G\u00e9rald Magn\u00e9e qui assurera la r\u00e9gie.<\/p>\n<p>Les sympathisants habituels sont toujours pr\u00e9sents quand c&rsquo;est n\u00e9cessaire (Nadia, Joseph, Elsa, Fran\u00e7ois, Pascal, Sonia, et bien d&rsquo;autres). Merci \u00e0 eux.<\/p>\n<p>L&rsquo;affiche a \u00e9t\u00e9 r\u00e9alis\u00e9e par l&rsquo;Institut Don Bosco, \u00e0 Li\u00e8ge.<\/p>\n<p>&nbsp;<\/p>\n<p>&nbsp;<\/p>\n<p>&nbsp;<\/p>\n","protected":false},"excerpt":{"rendered":"<p>Etre oblig\u00e9 de travailler pendant que les autres font la f\u00eate, c&rsquo;est pas la joie!<br \/>\nC&rsquo;est le cas de trois policiers de garde dans un commissariat de banlieue le soir du r\u00e9veillon de No\u00ebl.<br \/>\nIl s&rsquo;attendent \u00e0 devoir tuer le temps pendant toute la nuit.<br \/>\nLe P\u00e8re No\u00ebl en a d\u00e9cid\u00e9 autrement&#8230;<\/p>\n","protected":false},"author":2,"featured_media":665,"comment_status":"open","ping_status":"open","sticky":false,"template":"","format":"standard","meta":{"inline_featured_image":false,"footnotes":""},"categories":[6],"tags":[],"class_list":["post-662","post","type-post","status-publish","format-standard","has-post-thumbnail","hentry","category-precedents-spectacles"],"_links":{"self":[{"href":"https:\/\/theatrecaritas.be\/index.php?rest_route=\/wp\/v2\/posts\/662","targetHints":{"allow":["GET"]}}],"collection":[{"href":"https:\/\/theatrecaritas.be\/index.php?rest_route=\/wp\/v2\/posts"}],"about":[{"href":"https:\/\/theatrecaritas.be\/index.php?rest_route=\/wp\/v2\/types\/post"}],"author":[{"embeddable":true,"href":"https:\/\/theatrecaritas.be\/index.php?rest_route=\/wp\/v2\/users\/2"}],"replies":[{"embeddable":true,"href":"https:\/\/theatrecaritas.be\/index.php?rest_route=%2Fwp%2Fv2%2Fcomments&post=662"}],"version-history":[{"count":8,"href":"https:\/\/theatrecaritas.be\/index.php?rest_route=\/wp\/v2\/posts\/662\/revisions"}],"predecessor-version":[{"id":666,"href":"https:\/\/theatrecaritas.be\/index.php?rest_route=\/wp\/v2\/posts\/662\/revisions\/666"}],"wp:featuredmedia":[{"embeddable":true,"href":"https:\/\/theatrecaritas.be\/index.php?rest_route=\/wp\/v2\/media\/665"}],"wp:attachment":[{"href":"https:\/\/theatrecaritas.be\/index.php?rest_route=%2Fwp%2Fv2%2Fmedia&parent=662"}],"wp:term":[{"taxonomy":"category","embeddable":true,"href":"https:\/\/theatrecaritas.be\/index.php?rest_route=%2Fwp%2Fv2%2Fcategories&post=662"},{"taxonomy":"post_tag","embeddable":true,"href":"https:\/\/theatrecaritas.be\/index.php?rest_route=%2Fwp%2Fv2%2Ftags&post=662"}],"curies":[{"name":"wp","href":"https:\/\/api.w.org\/{rel}","templated":true}]}}