{"id":678,"date":"2024-09-30T11:32:09","date_gmt":"2024-09-30T10:32:09","guid":{"rendered":"https:\/\/theatrecaritas.be\/?p=678"},"modified":"2024-09-30T11:32:09","modified_gmt":"2024-09-30T10:32:09","slug":"la-perruche-daudrey-schebat","status":"publish","type":"post","link":"https:\/\/theatrecaritas.be\/?p=678","title":{"rendered":"\u00ab\u00a0La Perruche\u00a0\u00bb d&rsquo;Audrey Schebat"},"content":{"rendered":"<p>Le spectacle \u00e9tait mis en sc\u00e8ne par G\u00e9rald MAGNEE et a r\u00e9uni sur sc\u00e8ne:<\/p>\n<tr>\n<td>V\u00e9ronique BOTTY (Elle)<\/p>\n<tr>\n<td>Christian THUNISSEN (Lui)<\/p>\n<tr>\n<p>La r\u00e9gie \u00e9tait assur\u00e9e par Fabien PIRLOTTE.<\/p>\n<p>Les sympathisants habituels sont toujours pr\u00e9sents quand c&rsquo;est n\u00e9cessaire (Nadia, Joseph, Elsa, Fran\u00e7ois, Pascal, Sonia, et bien d&rsquo;autres). Merci \u00e0 eux.<\/p>\n<p>L&rsquo;affiche a \u00e9t\u00e9 r\u00e9alis\u00e9e par Charlotte PIRLOTTE.<\/p>\n<p>Cette pi\u00e8ce a \u00e9t\u00e9 repr\u00e9sent\u00e9e au Cercle Saint-Nicolas, \u00e0 Vivegnis, dans le cadre des festivit\u00e9s entourant son 125\u00e8me anniversaire.<\/p>\n<p>&nbsp;<\/p>\n<p>&nbsp;<\/p>\n<p>&nbsp;<\/p>\n","protected":false},"excerpt":{"rendered":"<p>Un couple attend des amis pour le d\u00eener, mais ceux-ci n\u2019arriveront jamais\u2026  S\u2019agit-il d\u2019un accident, d\u2019une s\u00e9paration, d\u2019un cambriolage ? A chercher les raisons de cette absence, l\u2019homme et la femme se disputent au sujet du couple de leurs amis. Naturellement, la femme prend la d\u00e9fense de son amie Catherine et l\u2019homme de son coll\u00e8gue David. A confronter leurs visions radicalement oppos\u00e9es, ils encha\u00eenent les quiproquos absurdes et les r\u00e9v\u00e9lations intimes, remettant en cause, sans s\u2019en rendre compte, les fondements de leur propre couple.<\/p>\n","protected":false},"author":2,"featured_media":681,"comment_status":"open","ping_status":"open","sticky":false,"template":"","format":"standard","meta":{"inline_featured_image":false,"footnotes":""},"categories":[6],"tags":[],"class_list":["post-678","post","type-post","status-publish","format-standard","has-post-thumbnail","hentry","category-precedents-spectacles"],"_links":{"self":[{"href":"https:\/\/theatrecaritas.be\/index.php?rest_route=\/wp\/v2\/posts\/678","targetHints":{"allow":["GET"]}}],"collection":[{"href":"https:\/\/theatrecaritas.be\/index.php?rest_route=\/wp\/v2\/posts"}],"about":[{"href":"https:\/\/theatrecaritas.be\/index.php?rest_route=\/wp\/v2\/types\/post"}],"author":[{"embeddable":true,"href":"https:\/\/theatrecaritas.be\/index.php?rest_route=\/wp\/v2\/users\/2"}],"replies":[{"embeddable":true,"href":"https:\/\/theatrecaritas.be\/index.php?rest_route=%2Fwp%2Fv2%2Fcomments&post=678"}],"version-history":[{"count":8,"href":"https:\/\/theatrecaritas.be\/index.php?rest_route=\/wp\/v2\/posts\/678\/revisions"}],"predecessor-version":[{"id":688,"href":"https:\/\/theatrecaritas.be\/index.php?rest_route=\/wp\/v2\/posts\/678\/revisions\/688"}],"wp:featuredmedia":[{"embeddable":true,"href":"https:\/\/theatrecaritas.be\/index.php?rest_route=\/wp\/v2\/media\/681"}],"wp:attachment":[{"href":"https:\/\/theatrecaritas.be\/index.php?rest_route=%2Fwp%2Fv2%2Fmedia&parent=678"}],"wp:term":[{"taxonomy":"category","embeddable":true,"href":"https:\/\/theatrecaritas.be\/index.php?rest_route=%2Fwp%2Fv2%2Fcategories&post=678"},{"taxonomy":"post_tag","embeddable":true,"href":"https:\/\/theatrecaritas.be\/index.php?rest_route=%2Fwp%2Fv2%2Ftags&post=678"}],"curies":[{"name":"wp","href":"https:\/\/api.w.org\/{rel}","templated":true}]}}